{"id":1021,"date":"2016-06-06T12:05:33","date_gmt":"2016-06-06T11:05:33","guid":{"rendered":"http:\/\/www.ecriturefactory.com\/blog\/?p=1021"},"modified":"2016-06-06T12:05:33","modified_gmt":"2016-06-06T11:05:33","slug":"le-gagnant-2016-du-prix-de-la-gare","status":"publish","type":"post","link":"http:\/\/www.ecriturefactory.com\/blog\/2016\/06\/le-gagnant-2016-du-prix-de-la-gare\/","title":{"rendered":"Le gagnant 2016 du Prix de la Gare"},"content":{"rendered":"<p>Il faisait beau hier \u00e0 Regn\u00e9ville sur mer. Surtout ne le d\u00eetes \u00e0 personne, mais il r\u00e8gne dans ce petit coin de Normandie un microclimat ! A la Gare, ancien b\u00e2timent d\u00e9saffect\u00e9 devenu lieu culturel&#8230; caf\u00e9, brocante, atelier etc. la f\u00eate battait son plein. Et pour cause, le laur\u00e9at venait d&rsquo;\u00eatre d\u00e9voil\u00e9. Parmi les finalistes, quatre \u00e9l\u00e8ves de notre atelier d&rsquo;\u00e9criture en ligne. Nous n&rsquo;en sommes pas peu fi\u00e8res.<\/p>\n<p>Je laisse encore un peu de suspens, pour vous rappeler les membres du jury, pr\u00e9sid\u00e9 cette ann\u00e9e par Rachel Kahn, productrice. Christine Clerc, journaliste. Nicole Latt\u00e8s, \u00e9ditrice. Madeleine Pigasse, directrice de communication. L\u00e9onard Li\u00e8vre, journaliste. Laurent Joffrin, journaliste. David d\u2019Equainville, \u00e9diteur. Michel Le Bras, secr\u00e9taire du Prix. Et Basia Embiricos, commissaire d\u2019exposition, productrice et initiatrice de ce Prix.<\/p>\n<p>Avant de d\u00e9voiler son nom, sachez que le gagnant n\u2019est pas n\u00e9 en terre normande, mais qu&rsquo;il se consid\u00e8re depuis sept ans comme un enfant du pays. Install\u00e9 \u00e0 Blainville sur mer, petit bourg voisin, il dit avoir appris \u00e0 aimer et surtout \u00e0 regarder cette belle r\u00e9gion. Mais tr\u00eave de tergiversations.<\/p>\n<p>Et le gagnant est&#8230;<strong> Richard Vitte<\/strong> pour sa nouvelle <strong>Cannelle ma normande. <\/strong>Toutes nos f\u00e9licitations, pour ce texte qui sera suivi d&rsquo;une publication papier en 500 exemplaires\u00a0 (le 9 juin). En prime un ch\u00e8que de 500 euros de la part de l&rsquo;Association Les Amis de la Gare, dont ecriturefactory fait partie (venez nous rejoindre !) et un atelier gratuit de 14 semaines pour lui ou une personne de son choix en notre compagnie. <strong><br \/>\n<\/strong><\/p>\n<p><a href=\"http:\/\/www.ecriturefactory.com\/blog\/wp-content\/uploads\/2016\/03\/07.jpeg\" ><img loading=\"lazy\" class=\"alignnone size-medium wp-image-942\" src=\"http:\/\/www.ecriturefactory.com\/blog\/wp-content\/uploads\/2016\/03\/07-300x218.jpeg\" alt=\"07\" width=\"300\" height=\"218\" srcset=\"http:\/\/www.ecriturefactory.com\/blog\/wp-content\/uploads\/2016\/03\/07-300x218.jpeg 300w, http:\/\/www.ecriturefactory.com\/blog\/wp-content\/uploads\/2016\/03\/07.jpeg 313w\" sizes=\"(max-width: 300px) 100vw, 300px\" \/><\/a><\/p>\n<p><strong>\u00a0<\/strong><\/p>\n<p>&nbsp;<\/p>\n<p>&nbsp;<\/p>\n<div id=\"stcpDiv\" style=\"position: absolute; top: -1999px; left: -1988px;\">Je laisse encore un peu de suspens, pour vous rappeler les membres du jury, pr\u00e9sid\u00e9 cette ann\u00e9e par Rachel Kahn productrice. Christine Clerc, journaliste. Nicole Latt\u00e8s,\u00e9ditrice. Madeleine Pigasse, directrice de communication. L\u00e9onard Li\u00e8vre, journaliste. Laurent Joffrin, journaliste. David d\u2019Equainville, \u00e9diteur. Michel Le Bras, secr\u00e9taire du Prix. Et Basia Embiricos, commissaire d\u2019exposition, productrice et initiatrice de ce Prix. &#8211; See more at: http:\/\/www.ecriturefactory.com\/blog\/?p=1021&amp;preview=true#sthash.7jyycVs9.d<\/div>\n<div id=\"stcpDiv\" style=\"position: absolute; top: -1999px; left: -1988px;\">Je laisse encore un peu de suspens, pour vous rappeler les membres du jury, pr\u00e9sid\u00e9 cette ann\u00e9e par Rachel Kahn productrice. Christine Clerc, journaliste. Nicole Latt\u00e8s,\u00e9ditrice. Madeleine Pigasse, directrice de communication. L\u00e9onard Li\u00e8vre, journaliste. Laurent Joffrin, journaliste. David d\u2019Equainville, \u00e9diteur. Michel Le Bras, secr\u00e9taire du Prix. Et Basia Embiricos, commissaire d\u2019exposition, productrice et initiatrice de ce Prix. &#8211; See more at: http:\/\/www.ecriturefactory.com\/blog\/?p=1021&amp;preview=true#sthash.7jyycVsqu&rsquo;il s&rsquo;agit donc d&rsquo;un homme, qui n&rsquo;est pas n\u00e9 en terre normande, mais est devenu depuis sept ans un enfant du pays. Et le gagnant est &#8230;<span style=\"font-size: 22.0pt; font-family: Times;\">Richard Vitte<\/span>Pour sa nouvelle : <strong>Cannelle ma normande<\/strong><\/div>\n<p class=\"Corps\" style=\"text-align: justify; tab-stops: 16.0cm 460.65pt; margin: 0cm 2.0cm .0001pt 216.0pt;\">\n<p><span class='st_facebook_buttons' st_title='Le gagnant 2016 du Prix de la Gare' st_url='http:\/\/www.ecriturefactory.com\/blog\/2016\/06\/le-gagnant-2016-du-prix-de-la-gare\/' displayText='facebook'><\/span><span class='st_twitter_buttons' st_title='Le gagnant 2016 du Prix de la Gare' st_url='http:\/\/www.ecriturefactory.com\/blog\/2016\/06\/le-gagnant-2016-du-prix-de-la-gare\/' displayText='twitter'><\/span><span class='st_linkedin_buttons' st_title='Le gagnant 2016 du Prix de la Gare' st_url='http:\/\/www.ecriturefactory.com\/blog\/2016\/06\/le-gagnant-2016-du-prix-de-la-gare\/' displayText='linkedin'><\/span><span class='st_fblike_buttons' st_title='Le gagnant 2016 du Prix de la Gare' st_url='http:\/\/www.ecriturefactory.com\/blog\/2016\/06\/le-gagnant-2016-du-prix-de-la-gare\/' displayText='fblike'><\/span><span class='st_pinterest_buttons' st_title='Le gagnant 2016 du Prix de la Gare' st_url='http:\/\/www.ecriturefactory.com\/blog\/2016\/06\/le-gagnant-2016-du-prix-de-la-gare\/' displayText='pinterest'><\/span><span class='st_plusone_buttons' st_title='Le gagnant 2016 du Prix de la Gare' st_url='http:\/\/www.ecriturefactory.com\/blog\/2016\/06\/le-gagnant-2016-du-prix-de-la-gare\/' displayText='plusone'><\/span><span class='st_email_buttons' st_title='Le gagnant 2016 du Prix de la Gare' st_url='http:\/\/www.ecriturefactory.com\/blog\/2016\/06\/le-gagnant-2016-du-prix-de-la-gare\/' displayText='email'><\/span><span class='st_sharethis_buttons' st_title='Le gagnant 2016 du Prix de la Gare' st_url='http:\/\/www.ecriturefactory.com\/blog\/2016\/06\/le-gagnant-2016-du-prix-de-la-gare\/' displayText='sharethis'><\/span><\/p>","protected":false},"excerpt":{"rendered":"<p>Il faisait beau hier \u00e0 Regn\u00e9ville sur mer. Surtout ne le d\u00eetes \u00e0 personne, mais il r\u00e8gne dans ce petit coin de Normandie un microclimat ! A la Gare, ancien b\u00e2timent d\u00e9saffect\u00e9 devenu lieu culturel&#8230; caf\u00e9, brocante, atelier etc. la f\u00eate battait son plein. Et pour cause, le laur\u00e9at venait d&rsquo;\u00eatre d\u00e9voil\u00e9. Parmi les finalistes, [&hellip;]<\/p>\n<p><span class='st_facebook_buttons' st_title='Le gagnant 2016 du Prix de la Gare' st_url='http:\/\/www.ecriturefactory.com\/blog\/2016\/06\/le-gagnant-2016-du-prix-de-la-gare\/' displayText='facebook'><\/span><span class='st_twitter_buttons' st_title='Le gagnant 2016 du Prix de la Gare' st_url='http:\/\/www.ecriturefactory.com\/blog\/2016\/06\/le-gagnant-2016-du-prix-de-la-gare\/' displayText='twitter'><\/span><span class='st_linkedin_buttons' st_title='Le gagnant 2016 du Prix de la Gare' st_url='http:\/\/www.ecriturefactory.com\/blog\/2016\/06\/le-gagnant-2016-du-prix-de-la-gare\/' displayText='linkedin'><\/span><span class='st_fblike_buttons' st_title='Le gagnant 2016 du Prix de la Gare' st_url='http:\/\/www.ecriturefactory.com\/blog\/2016\/06\/le-gagnant-2016-du-prix-de-la-gare\/' displayText='fblike'><\/span><span class='st_pinterest_buttons' st_title='Le gagnant 2016 du Prix de la Gare' st_url='http:\/\/www.ecriturefactory.com\/blog\/2016\/06\/le-gagnant-2016-du-prix-de-la-gare\/' displayText='pinterest'><\/span><span class='st_plusone_buttons' st_title='Le gagnant 2016 du Prix de la Gare' st_url='http:\/\/www.ecriturefactory.com\/blog\/2016\/06\/le-gagnant-2016-du-prix-de-la-gare\/' displayText='plusone'><\/span><span class='st_email_buttons' st_title='Le gagnant 2016 du Prix de la Gare' st_url='http:\/\/www.ecriturefactory.com\/blog\/2016\/06\/le-gagnant-2016-du-prix-de-la-gare\/' displayText='email'><\/span><span class='st_sharethis_buttons' st_title='Le gagnant 2016 du Prix de la Gare' st_url='http:\/\/www.ecriturefactory.com\/blog\/2016\/06\/le-gagnant-2016-du-prix-de-la-gare\/' displayText='sharethis'><\/span><\/p>","protected":false},"author":2,"featured_media":0,"comment_status":"open","ping_status":"open","sticky":false,"template":"","format":"standard","meta":[],"categories":[11],"tags":[40,191,307,308],"_links":{"self":[{"href":"http:\/\/www.ecriturefactory.com\/blog\/wp-json\/wp\/v2\/posts\/1021"}],"collection":[{"href":"http:\/\/www.ecriturefactory.com\/blog\/wp-json\/wp\/v2\/posts"}],"about":[{"href":"http:\/\/www.ecriturefactory.com\/blog\/wp-json\/wp\/v2\/types\/post"}],"author":[{"embeddable":true,"href":"http:\/\/www.ecriturefactory.com\/blog\/wp-json\/wp\/v2\/users\/2"}],"replies":[{"embeddable":true,"href":"http:\/\/www.ecriturefactory.com\/blog\/wp-json\/wp\/v2\/comments?post=1021"}],"version-history":[{"count":5,"href":"http:\/\/www.ecriturefactory.com\/blog\/wp-json\/wp\/v2\/posts\/1021\/revisions"}],"predecessor-version":[{"id":1026,"href":"http:\/\/www.ecriturefactory.com\/blog\/wp-json\/wp\/v2\/posts\/1021\/revisions\/1026"}],"wp:attachment":[{"href":"http:\/\/www.ecriturefactory.com\/blog\/wp-json\/wp\/v2\/media?parent=1021"}],"wp:term":[{"taxonomy":"category","embeddable":true,"href":"http:\/\/www.ecriturefactory.com\/blog\/wp-json\/wp\/v2\/categories?post=1021"},{"taxonomy":"post_tag","embeddable":true,"href":"http:\/\/www.ecriturefactory.com\/blog\/wp-json\/wp\/v2\/tags?post=1021"}],"curies":[{"name":"wp","href":"https:\/\/api.w.org\/{rel}","templated":true}]}}